{"id":1171,"date":"2023-07-31T19:52:51","date_gmt":"2023-07-31T19:52:51","guid":{"rendered":"https:\/\/ktsadvogados.com.br\/?p=1171"},"modified":"2023-07-31T21:03:12","modified_gmt":"2023-07-31T21:03:12","slug":"meios-atipicos-de-persecucao-de-creditos-nas-execucoes-e-o-julgamento-da-adi-5-941","status":"publish","type":"post","link":"https:\/\/ktsadvogados.com.br\/?p=1171","title":{"rendered":"Meios at\u00edpicos de persecu\u00e7\u00e3o de cr\u00e9ditos nas execu\u00e7\u00f5es e o julgamento da ADI 5.941"},"content":{"rendered":"\t\t<div data-elementor-type=\"wp-post\" data-elementor-id=\"1171\" class=\"elementor elementor-1171\">\n\t\t\t\t\t\t\t\t\t<section class=\"elementor-section elementor-top-section elementor-element elementor-element-151e8d0e elementor-section-boxed elementor-section-height-default elementor-section-height-default\" data-id=\"151e8d0e\" data-element_type=\"section\">\n\t\t\t\t\t\t<div class=\"elementor-container elementor-column-gap-default\">\n\t\t\t\t\t<div class=\"elementor-column elementor-col-100 elementor-top-column elementor-element elementor-element-6e43e72b\" data-id=\"6e43e72b\" data-element_type=\"column\">\n\t\t\t<div class=\"elementor-widget-wrap elementor-element-populated\">\n\t\t\t\t\t\t\t\t<div class=\"elementor-element elementor-element-237096a elementor-widget elementor-widget-text-editor\" data-id=\"237096a\" data-element_type=\"widget\" data-widget_type=\"text-editor.default\">\n\t\t\t\t<div class=\"elementor-widget-container\">\n\t\t\t\t\t\t\t<p><!-- wp:paragraph {\"dropCap\":true} --><\/p>\n<p><span style=\"color: #000000;\">Na semana passada tratamos sobre os meios t\u00edpicos utilizados como forma de persecu\u00e7\u00e3o dos cr\u00e9ditos em processos, que servem, em suma, para localiza\u00e7\u00e3o direta de bens de propriedade do devedor, possibilitando penhora.<\/span><\/p>\n<p><span style=\"color: #000000;\"><!-- \/wp:paragraph --><!-- wp:paragraph --><\/span><\/p>\n<p><span style=\"color: #000000;\">Al\u00e9m dos meios de execu\u00e7\u00e3o t\u00edpicos\/diretos, o C\u00f3digo de Processo Civil no&nbsp;<a style=\"color: #000000;\" href=\"https:\/\/www.planalto.gov.br\/ccivil_03\/_ato2015-2018\/2015\/lei\/l13105.htm#art139IV\" target=\"_blank\" rel=\"noreferrer noopener\">artigo 139, inciso IV<\/a>, deu poderes ao juiz para adotar todas as medidas at\u00edpicas de coer\u00e7\u00e3o para o pagamento.<\/span><\/p>\n<p><span style=\"color: #000000;\"><!-- \/wp:paragraph --><!-- wp:paragraph --><\/span><\/p>\n<p><span style=\"color: #000000;\">As medidas at\u00edpicas s\u00e3o os meios de coer\u00e7\u00e3o indireta e psicol\u00f3gica para obrigar o devedor a cumprir determinada obriga\u00e7\u00e3o. Por n\u00e3o existir um rol espec\u00edfico, h\u00e1 in\u00fameras formas, mas os tribunais v\u00eam entendendo pela possibilidade dos seguintes meios mais comuns: suspens\u00e3o da CNH e passaporte; inscri\u00e7\u00e3o do devedor em cadastros de prote\u00e7\u00e3o de cr\u00e9dito; cancelamento de cart\u00f5es de cr\u00e9dito; impedimento para realizar investimentos na bolsa de valores e frequentar certos lugares, como clubes, proibi\u00e7\u00e3o de participa\u00e7\u00e3o em concursos p\u00fablicos ou em licita\u00e7\u00f5es.<\/span><\/p>\n<p><span style=\"color: #000000;\"><!-- \/wp:paragraph --><!-- wp:paragraph --><\/span><\/p>\n<p><span style=\"color: #000000;\">Ou seja, as medidas executivas indiretas n\u00e3o possuem for\u00e7a para satisfazer a obriga\u00e7\u00e3o, mas atuam principalmente sobre a vontade do devedor.<\/span><\/p>\n<p><span style=\"color: #000000;\"><!-- \/wp:paragraph --><!-- wp:paragraph --><\/span><\/p>\n<p><span style=\"color: #000000;\">Por serem meios at\u00edpicos, o STJ vem estabelecendo alguns crit\u00e9rios b\u00e1sicos a serem seguidos. O primeiro requisito seria o da subsidiariedade aos instrumentos t\u00edpicos, estabelecendo que seria preciso o esgotamento das medidas t\u00edpicas para somente ent\u00e3o se partir para medidas at\u00edpicas.<\/span><\/p>\n<p><span style=\"color: #000000;\"><!-- \/wp:paragraph --><!-- wp:paragraph --><\/span><\/p>\n<p><span style=\"color: #000000;\">O segundo requisito apresentado \u00e9 a constata\u00e7\u00e3o de que o devedor tem condi\u00e7\u00f5es de adimplir com sua d\u00edvida e n\u00e3o o faz, esse crit\u00e9rio evita que se dificulte ainda mais a situa\u00e7\u00e3o de pessoas que efetivamente n\u00e3o possuem condi\u00e7\u00f5es financeiras para adimplir com sua d\u00edvida.<\/span><\/p>\n<p><span style=\"color: #000000;\"><!-- \/wp:paragraph --><!-- wp:paragraph --><\/span><\/p>\n<p><span style=\"color: #000000;\">Tamb\u00e9m foi fixado como requisito que a decis\u00e3o que aplica alguma medida coercitiva at\u00edpica deve ser sempre fundamentada e deve observar o direito do devedor ao contradit\u00f3rio.<\/span><\/p>\n<p><span style=\"color: #000000;\"><!-- \/wp:paragraph --><!-- wp:paragraph --><\/span><\/p>\n<p><span style=\"color: #000000;\">Outro requisito \u00e9 a necessidade da observ\u00e2ncia se a medida \u00e9 legal ou constitucional, nesse caso \u00e9 necess\u00e1rio sobrepesar os direitos em discuss\u00e3o, evitando medidas que consistam formas de tortura ou que coloque em risco direitos humanos do devedor.<\/span><\/p>\n<p><span style=\"color: #000000;\"><!-- \/wp:paragraph --><!-- wp:paragraph --><\/span><\/p>\n<p><span style=\"color: #000000;\">Por fim, outro requisito definido pelo STJ \u00e9 a observ\u00e2ncia da razoabilidade e &nbsp;da proporcionalidade no caso concreto, ditando que n\u00e3o se pode determinar uma medida coercitiva at\u00edpica que n\u00e3o seja justific\u00e1vel ou que cause mais danos que o que se pretende resolver.<\/span><\/p>\n<p><span style=\"color: #000000;\"><!-- \/wp:paragraph --><!-- wp:paragraph --><\/span><\/p>\n<p><span style=\"color: #000000;\">As formas de execu\u00e7\u00e3o at\u00edpicas t\u00eam sido objeto de um amplo debate quanto \u00e0s condi\u00e7\u00f5es e limites de sua utiliza\u00e7\u00e3o, com diversas dessas controv\u00e9rsias chegando, inclusive, aos Tribunais Superiores, resultando at\u00e9 mesmo na A\u00e7\u00e3o Direta de Inconstitucionalidade (ADI) n. 5941, proposta com o intuito de declarar a inconstitucionalidade do art. 139, inciso IV do CPC, e afastar a possibilidade de imposi\u00e7\u00e3o judicial de medidas coercitivas, indutivas ou sub-rogat\u00f3rias de suspens\u00e3o do direito de dirigir, apreens\u00e3o de passaporte e proibi\u00e7\u00e3o de participa\u00e7\u00e3o em concursos p\u00fablicos ou em licita\u00e7\u00f5es.<\/span><\/p>\n<p><span style=\"color: #000000;\"><!-- \/wp:paragraph --><!-- wp:paragraph --><\/span><\/p>\n<p><span style=\"color: #000000;\">No entanto, na ADI, julgada em 09\/02\/2023, o&nbsp;<\/span><span style=\"color: rgb(0, 0, 0);\">STF<\/span><span style=\"color: rgb(0, 0, 0);\">&nbsp;entendeu pela aus\u00eancia de viola\u00e7\u00e3o constitucional do dispositivo, pois as medidas visam tutelar as garantias de acesso \u00e0 justi\u00e7a e de efetividade e razo\u00e1vel dura\u00e7\u00e3o do processo, inexistindo viola\u00e7\u00e3o abstrata e aprior\u00edstica da dignidade do devedor.<\/span><\/p>\n<p><span style=\"color: #000000;\"><!-- \/wp:paragraph --><!-- wp:paragraph --><\/span><\/p>\n<p><span style=\"color: rgb(0, 0, 0);\">Fontes: REsp 1.864.190, REsp 1.782.418, REsp 1.788.950, HC 453.870 e ADI 5941\/DF.<\/span><br><\/p>\n<p><!-- \/wp:paragraph --><\/p>\t\t\t\t\t\t<\/div>\n\t\t\t\t<\/div>\n\t\t\t\t\t<\/div>\n\t\t<\/div>\n\t\t\t\t\t\t\t<\/div>\n\t\t<\/section>\n\t\t\t\t\t\t\t<\/div>\n\t\t","protected":false},"excerpt":{"rendered":"<p>Na semana passada tratamos sobre os meios t\u00edpicos utilizados como forma de [&hellip;]<\/p>\n","protected":false},"author":3,"featured_media":1173,"comment_status":"open","ping_status":"closed","sticky":false,"template":"","format":"standard","meta":{"_acf_changed":false,"footnotes":""},"categories":[21],"tags":[],"acf":[],"_links":{"self":[{"href":"https:\/\/ktsadvogados.com.br\/index.php?rest_route=\/wp\/v2\/posts\/1171"}],"collection":[{"href":"https:\/\/ktsadvogados.com.br\/index.php?rest_route=\/wp\/v2\/posts"}],"about":[{"href":"https:\/\/ktsadvogados.com.br\/index.php?rest_route=\/wp\/v2\/types\/post"}],"author":[{"embeddable":true,"href":"https:\/\/ktsadvogados.com.br\/index.php?rest_route=\/wp\/v2\/users\/3"}],"replies":[{"embeddable":true,"href":"https:\/\/ktsadvogados.com.br\/index.php?rest_route=%2Fwp%2Fv2%2Fcomments&post=1171"}],"version-history":[{"count":17,"href":"https:\/\/ktsadvogados.com.br\/index.php?rest_route=\/wp\/v2\/posts\/1171\/revisions"}],"predecessor-version":[{"id":1190,"href":"https:\/\/ktsadvogados.com.br\/index.php?rest_route=\/wp\/v2\/posts\/1171\/revisions\/1190"}],"wp:featuredmedia":[{"embeddable":true,"href":"https:\/\/ktsadvogados.com.br\/index.php?rest_route=\/wp\/v2\/media\/1173"}],"wp:attachment":[{"href":"https:\/\/ktsadvogados.com.br\/index.php?rest_route=%2Fwp%2Fv2%2Fmedia&parent=1171"}],"wp:term":[{"taxonomy":"category","embeddable":true,"href":"https:\/\/ktsadvogados.com.br\/index.php?rest_route=%2Fwp%2Fv2%2Fcategories&post=1171"},{"taxonomy":"post_tag","embeddable":true,"href":"https:\/\/ktsadvogados.com.br\/index.php?rest_route=%2Fwp%2Fv2%2Ftags&post=1171"}],"curies":[{"name":"wp","href":"https:\/\/api.w.org\/{rel}","templated":true}]}}